{"id":8764,"date":"2023-02-16T13:23:27","date_gmt":"2023-02-16T13:23:27","guid":{"rendered":"https:\/\/www.musikaia.eus\/?p=8764"},"modified":"2023-02-16T13:24:26","modified_gmt":"2023-02-16T13:24:26","slug":"carnavales-dias-festivos","status":"publish","type":"post","link":"https:\/\/www.musikaia.eus\/es\/carnavales-dias-festivos\/","title":{"rendered":"CARNAVALES- D\u00edas festivos"},"content":{"rendered":"<p>16-02-2023<\/p>\n<p>Tal como se indica en el calendario escolar del curso 2022-23, los d\u00edas 20-21-22-23-24 de febrero de la pr\u00f3xima semana ser\u00e1n festivos en la escuela de m\u00fasica.<\/p>\n<p>&nbsp;<\/p>\n","protected":false},"excerpt":{"rendered":"<p>16-02-2023 Tal como se indica en el calendario escolar del curso 2022-23, los d\u00edas 20-21-22-23-24 de febrero de la pr\u00f3xima semana ser\u00e1n festivos en la escuela de m\u00fasica. &nbsp;<\/p>\n","protected":false},"author":3,"featured_media":8762,"comment_status":"closed","ping_status":"closed","sticky":false,"template":"","format":"standard","meta":{"_acf_changed":false,"footnotes":""},"categories":[9],"tags":[],"class_list":["post-8764","post","type-post","status-publish","format-standard","has-post-thumbnail","hentry","category-noticias"],"acf":[],"_links":{"self":[{"href":"https:\/\/www.musikaia.eus\/es\/wp-json\/wp\/v2\/posts\/8764","targetHints":{"allow":["GET"]}}],"collection":[{"href":"https:\/\/www.musikaia.eus\/es\/wp-json\/wp\/v2\/posts"}],"about":[{"href":"https:\/\/www.musikaia.eus\/es\/wp-json\/wp\/v2\/types\/post"}],"author":[{"embeddable":true,"href":"https:\/\/www.musikaia.eus\/es\/wp-json\/wp\/v2\/users\/3"}],"replies":[{"embeddable":true,"href":"https:\/\/www.musikaia.eus\/es\/wp-json\/wp\/v2\/comments?post=8764"}],"version-history":[{"count":0,"href":"https:\/\/www.musikaia.eus\/es\/wp-json\/wp\/v2\/posts\/8764\/revisions"}],"wp:featuredmedia":[{"embeddable":true,"href":"https:\/\/www.musikaia.eus\/es\/wp-json\/wp\/v2\/media\/8762"}],"wp:attachment":[{"href":"https:\/\/www.musikaia.eus\/es\/wp-json\/wp\/v2\/media?parent=8764"}],"wp:term":[{"taxonomy":"category","embeddable":true,"href":"https:\/\/www.musikaia.eus\/es\/wp-json\/wp\/v2\/categories?post=8764"},{"taxonomy":"post_tag","embeddable":true,"href":"https:\/\/www.musikaia.eus\/es\/wp-json\/wp\/v2\/tags?post=8764"}],"curies":[{"name":"wp","href":"https:\/\/api.w.org\/{rel}","templated":true}]}}