{"id":13768,"date":"2025-06-18T11:33:22","date_gmt":"2025-06-18T11:33:22","guid":{"rendered":"https:\/\/www.musikaia.eus\/matriculacion-2\/"},"modified":"2025-06-18T11:33:22","modified_gmt":"2025-06-18T11:33:22","slug":"matriculacion-2","status":"publish","type":"post","link":"https:\/\/www.musikaia.eus\/es\/matriculacion-2\/","title":{"rendered":"MATRICULACI\u00d3N"},"content":{"rendered":"<p>LA ESCUELA DE M\u00daSICA abrir\u00e1 EL PLAZO DE MATRICULACI\u00d3N PARA EL CURSO 2025\/2026:<\/p>\n<div class=\"row\">\n<div class=\"col-md-12 col-xs-12\">24 al 26 de junio:<br \/>\n\ud83d\udce3\u00a0ONLINE desde nuestra web \u27a1 www.musikaia.eus (TRAMITES \u27a1 MATR\u00cdCULAS)<\/p>\n<p>\ud83d\udce3PRESENCIALMENTE en la Escuela de M\u00fasica Musikaia nos encontrar\u00e9is en los siguientes horarios y d\u00edas:<\/p>\n<p>\ud83d\udcdd Tardes 24, 25 y 26 de JUNIO \u27a1 de 17:00 a 20:00<br \/>\n\ud83d\udcdd Ma\u00f1anas 26 de JUNIO de \u27a1 10:00 a 14:00<\/p>\n<p>\u00a1Oferta basada en el decreto ley 64\/2024 del Departamento de Educaci\u00f3n, a partir de los 5 a\u00f1os, con metodolog\u00edas innovadoras y actualizadas!<\/p><\/div>\n<\/div>\n","protected":false},"excerpt":{"rendered":"<p>LA ESCUELA DE M\u00daSICA abrir\u00e1 EL PLAZO DE MATRICULACI\u00d3N PARA EL CURSO 2025\/2026: 24 al 26 de junio: \ud83d\udce3\u00a0ONLINE desde nuestra web \u27a1 www.musikaia.eus (TRAMITES \u27a1 MATR\u00cdCULAS) \ud83d\udce3PRESENCIALMENTE en la Escuela de M\u00fasica Musikaia nos encontrar\u00e9is en los siguientes horarios y d\u00edas: \ud83d\udcdd Tardes 24, 25 y 26 de JUNIO \u27a1 de 17:00 a 20:00 [&hellip;]<\/p>\n","protected":false},"author":3,"featured_media":13762,"comment_status":"closed","ping_status":"closed","sticky":false,"template":"","format":"standard","meta":{"_acf_changed":false,"footnotes":""},"categories":[1],"tags":[],"class_list":["post-13768","post","type-post","status-publish","format-standard","has-post-thumbnail","hentry","category-sin-categorizar"],"acf":[],"_links":{"self":[{"href":"https:\/\/www.musikaia.eus\/es\/wp-json\/wp\/v2\/posts\/13768","targetHints":{"allow":["GET"]}}],"collection":[{"href":"https:\/\/www.musikaia.eus\/es\/wp-json\/wp\/v2\/posts"}],"about":[{"href":"https:\/\/www.musikaia.eus\/es\/wp-json\/wp\/v2\/types\/post"}],"author":[{"embeddable":true,"href":"https:\/\/www.musikaia.eus\/es\/wp-json\/wp\/v2\/users\/3"}],"replies":[{"embeddable":true,"href":"https:\/\/www.musikaia.eus\/es\/wp-json\/wp\/v2\/comments?post=13768"}],"version-history":[{"count":0,"href":"https:\/\/www.musikaia.eus\/es\/wp-json\/wp\/v2\/posts\/13768\/revisions"}],"wp:featuredmedia":[{"embeddable":true,"href":"https:\/\/www.musikaia.eus\/es\/wp-json\/wp\/v2\/media\/13762"}],"wp:attachment":[{"href":"https:\/\/www.musikaia.eus\/es\/wp-json\/wp\/v2\/media?parent=13768"}],"wp:term":[{"taxonomy":"category","embeddable":true,"href":"https:\/\/www.musikaia.eus\/es\/wp-json\/wp\/v2\/categories?post=13768"},{"taxonomy":"post_tag","embeddable":true,"href":"https:\/\/www.musikaia.eus\/es\/wp-json\/wp\/v2\/tags?post=13768"}],"curies":[{"name":"wp","href":"https:\/\/api.w.org\/{rel}","templated":true}]}}