{"id":13728,"date":"2025-05-27T11:31:00","date_gmt":"2025-05-27T11:31:00","guid":{"rendered":"https:\/\/www.musikaia.eus\/?p=13728"},"modified":"2025-05-27T11:34:17","modified_gmt":"2025-05-27T11:34:17","slug":"13728","status":"publish","type":"post","link":"https:\/\/www.musikaia.eus\/es\/13728\/","title":{"rendered":"CONCIERTO PEDAG\u00d3GICO"},"content":{"rendered":"<p>Lxs m\u00e1s peque\u00f1xs de la Musika Eskola este a\u00f1o escogen instrumento y como todos los a\u00f1os, este tambi\u00e9n, haremos un concierto pedag\u00f3gico para ellxs.<\/p>\n<p>\ud83c\udfb9\ud83e\udd41\ud83c\udfba\ud83e\ude97\ud83c\udfb8\ud83c\udfbb\ud83e\ude88<\/p>\n<p>\ud83d\uddd3 30 de mayo<br \/>\n\ud83d\udd67 17.00<br \/>\n\ud83d\udccd Musika Eskola, aula 1.7<\/p>\n<p>Ser\u00e1 una buena oportunidad para que escuchen y prueben los instrumentos con la ayuda de otrxs alumnsx del centro.<\/p>\n","protected":false},"excerpt":{"rendered":"<p>Lxs m\u00e1s peque\u00f1xs de la Musika Eskola este a\u00f1o escogen instrumento y como todos los a\u00f1os, este tambi\u00e9n, haremos un concierto pedag\u00f3gico para ellxs. \ud83c\udfb9\ud83e\udd41\ud83c\udfba\ud83e\ude97\ud83c\udfb8\ud83c\udfbb\ud83e\ude88 \ud83d\uddd3 30 de mayo \ud83d\udd67 17.00 \ud83d\udccd Musika Eskola, aula 1.7 Ser\u00e1 una buena oportunidad para que escuchen y prueben los instrumentos con la ayuda de otrxs alumnsx del centro.<\/p>\n","protected":false},"author":3,"featured_media":13726,"comment_status":"closed","ping_status":"closed","sticky":false,"template":"","format":"standard","meta":{"_acf_changed":false,"footnotes":""},"categories":[124,9],"tags":[],"class_list":["post-13728","post","type-post","status-publish","format-standard","has-post-thumbnail","hentry","category-eventos","category-noticias"],"acf":[],"_links":{"self":[{"href":"https:\/\/www.musikaia.eus\/es\/wp-json\/wp\/v2\/posts\/13728","targetHints":{"allow":["GET"]}}],"collection":[{"href":"https:\/\/www.musikaia.eus\/es\/wp-json\/wp\/v2\/posts"}],"about":[{"href":"https:\/\/www.musikaia.eus\/es\/wp-json\/wp\/v2\/types\/post"}],"author":[{"embeddable":true,"href":"https:\/\/www.musikaia.eus\/es\/wp-json\/wp\/v2\/users\/3"}],"replies":[{"embeddable":true,"href":"https:\/\/www.musikaia.eus\/es\/wp-json\/wp\/v2\/comments?post=13728"}],"version-history":[{"count":2,"href":"https:\/\/www.musikaia.eus\/es\/wp-json\/wp\/v2\/posts\/13728\/revisions"}],"predecessor-version":[{"id":13730,"href":"https:\/\/www.musikaia.eus\/es\/wp-json\/wp\/v2\/posts\/13728\/revisions\/13730"}],"wp:featuredmedia":[{"embeddable":true,"href":"https:\/\/www.musikaia.eus\/es\/wp-json\/wp\/v2\/media\/13726"}],"wp:attachment":[{"href":"https:\/\/www.musikaia.eus\/es\/wp-json\/wp\/v2\/media?parent=13728"}],"wp:term":[{"taxonomy":"category","embeddable":true,"href":"https:\/\/www.musikaia.eus\/es\/wp-json\/wp\/v2\/categories?post=13728"},{"taxonomy":"post_tag","embeddable":true,"href":"https:\/\/www.musikaia.eus\/es\/wp-json\/wp\/v2\/tags?post=13728"}],"curies":[{"name":"wp","href":"https:\/\/api.w.org\/{rel}","templated":true}]}}