{"id":10952,"date":"2024-04-24T10:07:17","date_gmt":"2024-04-24T10:07:17","guid":{"rendered":"https:\/\/www.musikaia.eus\/?p=10952"},"modified":"2024-04-24T10:09:39","modified_gmt":"2024-04-24T10:09:39","slug":"i-encuentros-de-coros-jovenes-de-lea-artibai","status":"publish","type":"post","link":"https:\/\/www.musikaia.eus\/es\/i-encuentros-de-coros-jovenes-de-lea-artibai\/","title":{"rendered":"I. ENCUENTROS DE COROS J\u00d3VENES DE LEA-ARTIBAI"},"content":{"rendered":"\n<p>Kantakai Korala de la Musika Eskola, participar\u00e1 en la MASTERCLASS que se celebrar\u00e1 el fin de semana en Markina-Xemein. Este curso lo recibir\u00e1n de la mano de Aitor Garitano y para darle un buen final, el domingo ofrecer\u00e1n un concierto. Podr\u00e1n disfrutar de nuevos conocimientos, nuevas relaciones y disfrutar juntxs de la m\u00fasica.<\/p>\n\n\n\n<p>CONCIERTO:<br>28 de abril, domingo<br>17.30h de la tarde<br>Uhagon Kulturgunea, en Markina-Xemein<\/p>\n\n\n\n<p>Agradecer al coro juvenil de Xemein, seguro que ser\u00e1 un fin de semana maravilloso!!<\/p>\n","protected":false},"excerpt":{"rendered":"<p>Kantakai Korala de la Musika Eskola, participar\u00e1 en la MASTERCLASS que se celebrar\u00e1 el fin de semana en Markina-Xemein. Este curso lo recibir\u00e1n de la mano de Aitor Garitano y para darle un buen final, el domingo ofrecer\u00e1n un concierto. Podr\u00e1n disfrutar de nuevos conocimientos, nuevas relaciones y disfrutar juntxs de la m\u00fasica. CONCIERTO:28 de [&hellip;]<\/p>\n","protected":false},"author":3,"featured_media":10947,"comment_status":"closed","ping_status":"closed","sticky":false,"template":"","format":"standard","meta":{"_acf_changed":false,"footnotes":""},"categories":[124],"tags":[],"class_list":["post-10952","post","type-post","status-publish","format-standard","has-post-thumbnail","hentry","category-eventos"],"acf":[],"_links":{"self":[{"href":"https:\/\/www.musikaia.eus\/es\/wp-json\/wp\/v2\/posts\/10952","targetHints":{"allow":["GET"]}}],"collection":[{"href":"https:\/\/www.musikaia.eus\/es\/wp-json\/wp\/v2\/posts"}],"about":[{"href":"https:\/\/www.musikaia.eus\/es\/wp-json\/wp\/v2\/types\/post"}],"author":[{"embeddable":true,"href":"https:\/\/www.musikaia.eus\/es\/wp-json\/wp\/v2\/users\/3"}],"replies":[{"embeddable":true,"href":"https:\/\/www.musikaia.eus\/es\/wp-json\/wp\/v2\/comments?post=10952"}],"version-history":[{"count":0,"href":"https:\/\/www.musikaia.eus\/es\/wp-json\/wp\/v2\/posts\/10952\/revisions"}],"wp:featuredmedia":[{"embeddable":true,"href":"https:\/\/www.musikaia.eus\/es\/wp-json\/wp\/v2\/media\/10947"}],"wp:attachment":[{"href":"https:\/\/www.musikaia.eus\/es\/wp-json\/wp\/v2\/media?parent=10952"}],"wp:term":[{"taxonomy":"category","embeddable":true,"href":"https:\/\/www.musikaia.eus\/es\/wp-json\/wp\/v2\/categories?post=10952"},{"taxonomy":"post_tag","embeddable":true,"href":"https:\/\/www.musikaia.eus\/es\/wp-json\/wp\/v2\/tags?post=10952"}],"curies":[{"name":"wp","href":"https:\/\/api.w.org\/{rel}","templated":true}]}}