{"id":10652,"date":"2024-02-19T08:47:33","date_gmt":"2024-02-19T08:47:33","guid":{"rendered":"https:\/\/www.musikaia.eus\/?p=10652"},"modified":"2024-02-19T08:51:13","modified_gmt":"2024-02-19T08:51:13","slug":"abao-txiki-ansersen-el-patito-feo","status":"publish","type":"post","link":"https:\/\/www.musikaia.eus\/es\/abao-txiki-ansersen-el-patito-feo\/","title":{"rendered":"ABAO TXIKI &#8211; ANSERSEN, EL PATITO FEO"},"content":{"rendered":"\n<p>De la mano de ABAO Bilbao Opera dentro del programa ABAO TXIKI para mayores de 5 a\u00f1os:<\/p>\n\n\n\n<p>Se ofrecer\u00e1 el espect\u00e1culo ANDERSEN, EL PATITO FEO los d\u00edas 2, 3 y 4 de MARZO (s\u00e1bado, domingo y lunes) en el Teatro Arriaga (Bilbao).<\/p>\n\n\n\n<p>Si quer\u00e9is asistir l@s alumn@s de la Escuela de M\u00fasica Musikaia, os ofreceremos precios especiales, tanto para l@s alumn@s como para l@s madres y padres.<\/p>\n\n\n\n<p>Si est\u00e1is interesad@s, llamad al 617 731 140 o escribid un correo electr\u00f3nico a musikaeskola@musikaia.eus y os explicaremos los pasos a seguir.<\/p>\n","protected":false},"excerpt":{"rendered":"<p>De la mano de ABAO Bilbao Opera dentro del programa ABAO TXIKI para mayores de 5 a\u00f1os: Se ofrecer\u00e1 el espect\u00e1culo ANDERSEN, EL PATITO FEO los d\u00edas 2, 3 y 4 de MARZO (s\u00e1bado, domingo y lunes) en el Teatro Arriaga (Bilbao). Si quer\u00e9is asistir l@s alumn@s de la Escuela de M\u00fasica Musikaia, os ofreceremos [&hellip;]<\/p>\n","protected":false},"author":3,"featured_media":10650,"comment_status":"closed","ping_status":"closed","sticky":false,"template":"","format":"standard","meta":{"_acf_changed":false,"footnotes":""},"categories":[9],"tags":[],"class_list":["post-10652","post","type-post","status-publish","format-standard","has-post-thumbnail","hentry","category-noticias"],"acf":[],"_links":{"self":[{"href":"https:\/\/www.musikaia.eus\/es\/wp-json\/wp\/v2\/posts\/10652","targetHints":{"allow":["GET"]}}],"collection":[{"href":"https:\/\/www.musikaia.eus\/es\/wp-json\/wp\/v2\/posts"}],"about":[{"href":"https:\/\/www.musikaia.eus\/es\/wp-json\/wp\/v2\/types\/post"}],"author":[{"embeddable":true,"href":"https:\/\/www.musikaia.eus\/es\/wp-json\/wp\/v2\/users\/3"}],"replies":[{"embeddable":true,"href":"https:\/\/www.musikaia.eus\/es\/wp-json\/wp\/v2\/comments?post=10652"}],"version-history":[{"count":0,"href":"https:\/\/www.musikaia.eus\/es\/wp-json\/wp\/v2\/posts\/10652\/revisions"}],"wp:featuredmedia":[{"embeddable":true,"href":"https:\/\/www.musikaia.eus\/es\/wp-json\/wp\/v2\/media\/10650"}],"wp:attachment":[{"href":"https:\/\/www.musikaia.eus\/es\/wp-json\/wp\/v2\/media?parent=10652"}],"wp:term":[{"taxonomy":"category","embeddable":true,"href":"https:\/\/www.musikaia.eus\/es\/wp-json\/wp\/v2\/categories?post=10652"},{"taxonomy":"post_tag","embeddable":true,"href":"https:\/\/www.musikaia.eus\/es\/wp-json\/wp\/v2\/tags?post=10652"}],"curies":[{"name":"wp","href":"https:\/\/api.w.org\/{rel}","templated":true}]}}